{"id":5350,"date":"2026-03-03T15:26:32","date_gmt":"2026-03-03T14:26:32","guid":{"rendered":"https:\/\/wmlogistik.de\/?p=5350"},"modified":"2026-03-03T15:54:40","modified_gmt":"2026-03-03T14:54:40","slug":"marktupdate-fernost-seefracht-raten-lcl","status":"publish","type":"post","link":"https:\/\/wmlogistik.de\/en\/news-trends\/marktupdate-fernost-seefracht-raten-lcl\/","title":{"rendered":"Marktupdate Fernost-Verkehr: Steigende Seefrachtraten und erste LCL-Zuschl\u00e4ge"},"content":{"rendered":"\t\t<div data-elementor-type=\"wp-post\" data-elementor-id=\"5350\" class=\"elementor elementor-5350\" data-elementor-post-type=\"post\">\n\t\t\t\t<div class=\"elementor-element elementor-element-0829022 e-con-full e-flex e-con e-parent\" data-id=\"0829022\" data-element_type=\"container\" data-e-type=\"container\">\n\t\t<div class=\"elementor-element elementor-element-7a018e3 e-con-full e-flex e-con e-child\" data-id=\"7a018e3\" data-element_type=\"container\" data-e-type=\"container\" data-settings=\"{&quot;background_background&quot;:&quot;classic&quot;}\">\n\t\t\t\t<div class=\"elementor-element elementor-element-e456d82 elementor-widget elementor-widget-heading\" data-id=\"e456d82\" data-element_type=\"widget\" data-e-type=\"widget\" data-widget_type=\"heading.default\">\n\t\t\t\t<div class=\"elementor-widget-container\">\n\t\t\t\t\t<h2 class=\"elementor-heading-title elementor-size-default\">Aktuelle Lage im Fernost-Verkehr<\/h2>\t\t\t\t<\/div>\n\t\t\t\t<\/div>\n\t\t\t\t<div class=\"elementor-element elementor-element-78cfc7f elementor-widget elementor-widget-text-editor\" data-id=\"78cfc7f\" data-element_type=\"widget\" data-e-type=\"widget\" data-widget_type=\"text-editor.default\">\n\t\t\t\t<div class=\"elementor-widget-container\">\n\t\t\t\t\t\t\t\t\t<p>Die geopolitischen Spannungen im Fernost-Raum f\u00fchren aktuell zu ersten Marktbewegungen im internationalen Seefrachtverkehr. Besonders betroffen sind Handelsrouten zwischen China und Europa.<\/p><p>Zum jetzigen Zeitpunkt zeigen sich erste preisliche Effekte im Markt \u2013 operative Einschr\u00e4nkungen bei Transitzeiten bestehen derzeit jedoch noch nicht.<\/p><p>Wir beobachten die Entwicklung engmaschig und stehen im kontinuierlichen Austausch mit Reedereien und Partnern.<\/p>\t\t\t\t\t\t\t\t<\/div>\n\t\t\t\t<\/div>\n\t\t\t\t<div class=\"elementor-element elementor-element-0f53d3d elementor-widget elementor-widget-image\" data-id=\"0f53d3d\" data-element_type=\"widget\" data-e-type=\"widget\" data-widget_type=\"image.default\">\n\t\t\t\t<div class=\"elementor-widget-container\">\n\t\t\t\t\t\t\t\t\t\t\t\t<figure class=\"wp-caption\">\n\t\t\t\t\t\t\t\t\t\t<img fetchpriority=\"high\" decoding=\"async\" width=\"1920\" height=\"1281\" src=\"https:\/\/wmlogistik.de\/wp-content\/uploads\/2026\/03\/Seefracht-China\u2013Europa-Containerumschlag-im-Hafen.webp\" class=\"attachment-full size-full wp-image-5351\" alt=\"Containerschiff im Hafen mit Containerbr\u00fccken beim Be- und Entladen \u2013 Seefracht China\u2013Europa im Fernost-Verkehr\" srcset=\"https:\/\/wmlogistik.de\/wp-content\/uploads\/2026\/03\/Seefracht-China\u2013Europa-Containerumschlag-im-Hafen.webp 1920w, https:\/\/wmlogistik.de\/wp-content\/uploads\/2026\/03\/Seefracht-China\u2013Europa-Containerumschlag-im-Hafen-300x200.webp 300w, https:\/\/wmlogistik.de\/wp-content\/uploads\/2026\/03\/Seefracht-China\u2013Europa-Containerumschlag-im-Hafen-1024x683.webp 1024w, https:\/\/wmlogistik.de\/wp-content\/uploads\/2026\/03\/Seefracht-China\u2013Europa-Containerumschlag-im-Hafen-768x512.webp 768w, https:\/\/wmlogistik.de\/wp-content\/uploads\/2026\/03\/Seefracht-China\u2013Europa-Containerumschlag-im-Hafen-1536x1025.webp 1536w, https:\/\/wmlogistik.de\/wp-content\/uploads\/2026\/03\/Seefracht-China\u2013Europa-Containerumschlag-im-Hafen-18x12.webp 18w\" sizes=\"(max-width: 1920px) 100vw, 1920px\" \/>\t\t\t\t\t\t\t\t\t\t\t<figcaption class=\"widget-image-caption wp-caption-text\"><\/figcaption>\n\t\t\t\t\t\t\t\t\t\t<\/figure>\n\t\t\t\t\t\t\t\t\t<\/div>\n\t\t\t\t<\/div>\n\t\t\t\t<div class=\"elementor-element elementor-element-5b14567 elementor-widget elementor-widget-spacer\" data-id=\"5b14567\" data-element_type=\"widget\" data-e-type=\"widget\" data-widget_type=\"spacer.default\">\n\t\t\t\t<div class=\"elementor-widget-container\">\n\t\t\t\t\t\t\t<div class=\"elementor-spacer\">\n\t\t\t<div class=\"elementor-spacer-inner\"><\/div>\n\t\t<\/div>\n\t\t\t\t\t\t<\/div>\n\t\t\t\t<\/div>\n\t\t\t\t<div class=\"elementor-element elementor-element-39a6176 elementor-widget elementor-widget-heading\" data-id=\"39a6176\" data-element_type=\"widget\" data-e-type=\"widget\" data-widget_type=\"heading.default\">\n\t\t\t\t<div class=\"elementor-widget-container\">\n\t\t\t\t\t<h2 class=\"elementor-heading-title elementor-size-default\">Erste Zuschl\u00e4ge im LCL-Bereich<\/h2>\t\t\t\t<\/div>\n\t\t\t\t<\/div>\n\t\t\t\t<div class=\"elementor-element elementor-element-c38f45c elementor-widget elementor-widget-text-editor\" data-id=\"c38f45c\" data-element_type=\"widget\" data-e-type=\"widget\" data-widget_type=\"text-editor.default\">\n\t\t\t\t<div class=\"elementor-widget-container\">\n\t\t\t\t\t\t\t\t\t<p class=\"p1\">Im Bereich der Sammelcontainer (LCL) wurden bereits erste Zuschl\u00e4ge eingef\u00fchrt.<\/p><p class=\"p1\">Typische Entwicklungen:<\/p><ul><li>Einf\u00fchrung marktbedingter Zuschl\u00e4ge<\/li><li>Anpassung bestehender Nebenkosten<\/li><li><span style=\"font-size: 1rem;\">Erh\u00f6hte Volatilit\u00e4t in der Preisstruktur<\/span><\/li><\/ul><div>\u00a0<\/div><p class=\"p1\">Gerade im LCL-Segment reagieren M\u00e4rkte erfahrungsgem\u00e4\u00df schneller auf Unsicherheiten als im FCL-Bereich.<\/p>\t\t\t\t\t\t\t\t<\/div>\n\t\t\t\t<\/div>\n\t\t\t\t<div class=\"elementor-element elementor-element-d7b90a6 elementor-widget elementor-widget-spacer\" data-id=\"d7b90a6\" data-element_type=\"widget\" data-e-type=\"widget\" data-widget_type=\"spacer.default\">\n\t\t\t\t<div class=\"elementor-widget-container\">\n\t\t\t\t\t\t\t<div class=\"elementor-spacer\">\n\t\t\t<div class=\"elementor-spacer-inner\"><\/div>\n\t\t<\/div>\n\t\t\t\t\t\t<\/div>\n\t\t\t\t<\/div>\n\t\t\t\t<div class=\"elementor-element elementor-element-d8a7d47 elementor-widget elementor-widget-heading\" data-id=\"d8a7d47\" data-element_type=\"widget\" data-e-type=\"widget\" data-widget_type=\"heading.default\">\n\t\t\t\t<div class=\"elementor-widget-container\">\n\t\t\t\t\t<h2 class=\"elementor-heading-title elementor-size-default\">Entwicklung der Seefrachtraten<\/h2>\t\t\t\t<\/div>\n\t\t\t\t<\/div>\n\t\t\t\t<div class=\"elementor-element elementor-element-36ed8d9 elementor-widget elementor-widget-text-editor\" data-id=\"36ed8d9\" data-element_type=\"widget\" data-e-type=\"widget\" data-widget_type=\"text-editor.default\">\n\t\t\t\t<div class=\"elementor-widget-container\">\n\t\t\t\t\t\t\t\t\t<p>Neben den Zuschl\u00e4gen beginnen auch die regul\u00e4ren Seefrachtraten sp\u00fcrbar anzuziehen.<\/p><p>Gr\u00fcnde hierf\u00fcr k\u00f6nnen sein:<\/p><ul><li>Vorsorgliche Kapazit\u00e4tsanpassungen<\/li><li>Erwartete Nachfrageverschiebungen<\/li><li>Marktpsychologische Effekte<\/li><li>Fr\u00fchzeitige Reaktionen der Reedereien<\/li><\/ul><div>\u00a0<\/div><p>Derzeit bewegen sich die Raten in einer fr\u00fchen Aufw\u00e4rtsphase \u2013 das weitere Ausma\u00df ist aktuell noch nicht belastbar prognostizierbar.<\/p>\t\t\t\t\t\t\t\t<\/div>\n\t\t\t\t<\/div>\n\t\t\t\t<div class=\"elementor-element elementor-element-4243786 elementor-widget elementor-widget-spacer\" data-id=\"4243786\" data-element_type=\"widget\" data-e-type=\"widget\" data-widget_type=\"spacer.default\">\n\t\t\t\t<div class=\"elementor-widget-container\">\n\t\t\t\t\t\t\t<div class=\"elementor-spacer\">\n\t\t\t<div class=\"elementor-spacer-inner\"><\/div>\n\t\t<\/div>\n\t\t\t\t\t\t<\/div>\n\t\t\t\t<\/div>\n\t\t\t\t<div class=\"elementor-element elementor-element-01a5161 elementor-widget elementor-widget-heading\" data-id=\"01a5161\" data-element_type=\"widget\" data-e-type=\"widget\" data-widget_type=\"heading.default\">\n\t\t\t\t<div class=\"elementor-widget-container\">\n\t\t\t\t\t<h2 class=\"elementor-heading-title elementor-size-default\">Auswirkungen auf Transitzeiten<\/h2>\t\t\t\t<\/div>\n\t\t\t\t<\/div>\n\t\t\t\t<div class=\"elementor-element elementor-element-736d609 elementor-widget elementor-widget-text-editor\" data-id=\"736d609\" data-element_type=\"widget\" data-e-type=\"widget\" data-widget_type=\"text-editor.default\">\n\t\t\t\t<div class=\"elementor-widget-container\">\n\t\t\t\t\t\t\t\t\t<p>Aktuell gibt es keine Ver\u00e4nderungen bei den regul\u00e4ren Transitzeiten aus China.<\/p>\n<ul>\n<li>Fahrpl\u00e4ne laufen stabil<\/li>\n<li>Keine offiziellen Routenanpassungen<\/li>\n<li>Keine best\u00e4tigten Blank Sailings auf den Hauptrelationen<\/li>\n<\/ul><div><br><\/div>\n<p>Sollte es hier zu Ver\u00e4nderungen kommen, informieren wir unsere Kunden umgehend.<\/p>\t\t\t\t\t\t\t\t<\/div>\n\t\t\t\t<\/div>\n\t\t\t\t<div class=\"elementor-element elementor-element-c7d48d4 elementor-widget elementor-widget-spacer\" data-id=\"c7d48d4\" data-element_type=\"widget\" data-e-type=\"widget\" data-widget_type=\"spacer.default\">\n\t\t\t\t<div class=\"elementor-widget-container\">\n\t\t\t\t\t\t\t<div class=\"elementor-spacer\">\n\t\t\t<div class=\"elementor-spacer-inner\"><\/div>\n\t\t<\/div>\n\t\t\t\t\t\t<\/div>\n\t\t\t\t<\/div>\n\t\t\t\t<div class=\"elementor-element elementor-element-cd2120e elementor-widget elementor-widget-heading\" data-id=\"cd2120e\" data-element_type=\"widget\" data-e-type=\"widget\" data-widget_type=\"heading.default\">\n\t\t\t\t<div class=\"elementor-widget-container\">\n\t\t\t\t\t<h2 class=\"elementor-heading-title elementor-size-default\">M\u00f6gliche Marktszenarien<\/h2>\t\t\t\t<\/div>\n\t\t\t\t<\/div>\n\t\t\t\t<div class=\"elementor-element elementor-element-fd2a0e0 elementor-widget elementor-widget-text-editor\" data-id=\"fd2a0e0\" data-element_type=\"widget\" data-e-type=\"widget\" data-widget_type=\"text-editor.default\">\n\t\t\t\t<div class=\"elementor-widget-container\">\n\t\t\t\t\t\t\t\t\t<p>Erfahrungsgem\u00e4\u00df k\u00f6nnen geopolitische Spannungen mittelfristig folgende Effekte ausl\u00f6sen:<\/p><ul><li>Weitere Ratensteigerungen<\/li><li>Kapazit\u00e4tsverknappungen<\/li><li>Kurzfristige Zuschl\u00e4ge<\/li><li>Schwankende Verf\u00fcgbarkeiten im LCL-Bereich<\/li><\/ul><div>\u00a0<\/div><p>Das konkrete Ausma\u00df ist derzeit noch nicht seri\u00f6s einsch\u00e4tzbar.<\/p>\t\t\t\t\t\t\t\t<\/div>\n\t\t\t\t<\/div>\n\t\t<div class=\"elementor-element elementor-element-194398b e-con-full e-flex e-con e-child\" data-id=\"194398b\" data-element_type=\"container\" data-e-type=\"container\" data-settings=\"{&quot;background_background&quot;:&quot;gradient&quot;,&quot;motion_fx_motion_fx_mouse&quot;:&quot;yes&quot;}\">\n\t\t\t\t<div class=\"elementor-element elementor-element-7a6e401 elementor-widget elementor-widget-text-editor\" data-id=\"7a6e401\" data-element_type=\"widget\" data-e-type=\"widget\" data-widget_type=\"text-editor.default\">\n\t\t\t\t<div class=\"elementor-widget-container\">\n\t\t\t\t\t\t\t\t\tFr\u00fchzeitige Planung und transparente Kommunikation sind jetzt entscheidend, um\nVersorgungssicherheit und stabile Kalkulationen zu gew\u00e4hrleisten.\t\t\t\t\t\t\t\t<\/div>\n\t\t\t\t<\/div>\n\t\t\t\t<\/div>\n\t\t\t\t<div class=\"elementor-element elementor-element-e2e07e9 elementor-widget elementor-widget-spacer\" data-id=\"e2e07e9\" data-element_type=\"widget\" data-e-type=\"widget\" data-widget_type=\"spacer.default\">\n\t\t\t\t<div class=\"elementor-widget-container\">\n\t\t\t\t\t\t\t<div class=\"elementor-spacer\">\n\t\t\t<div class=\"elementor-spacer-inner\"><\/div>\n\t\t<\/div>\n\t\t\t\t\t\t<\/div>\n\t\t\t\t<\/div>\n\t\t\t\t<div class=\"elementor-element elementor-element-567ced2 elementor-widget elementor-widget-heading\" data-id=\"567ced2\" data-element_type=\"widget\" data-e-type=\"widget\" data-widget_type=\"heading.default\">\n\t\t\t\t<div class=\"elementor-widget-container\">\n\t\t\t\t\t<h2 class=\"elementor-heading-title elementor-size-default\">Handlungsempfehlung f\u00fcr Verlader &amp; E-Commerce-Unternehmen<\/h2>\t\t\t\t<\/div>\n\t\t\t\t<\/div>\n\t\t\t\t<div class=\"elementor-element elementor-element-8948584 elementor-widget elementor-widget-text-editor\" data-id=\"8948584\" data-element_type=\"widget\" data-e-type=\"widget\" data-widget_type=\"text-editor.default\">\n\t\t\t\t<div class=\"elementor-widget-container\">\n\t\t\t\t\t\t\t\t\t<p>Gerade f\u00fcr:<\/p><ul><li>E-Commerce-H\u00e4ndler mit festen Launch-Terminen<\/li><li>Industriekunden mit Produktionsabh\u00e4ngigkeiten<\/li><li>Unternehmen mit saisonalen Peaks<\/li><\/ul><div>\u00a0<\/div><p>empfiehlt sich eine fr\u00fchzeitige Abstimmung.<\/p><p>Eine proaktive Planung kann helfen, Kostenrisiken zu minimieren und Kapazit\u00e4ten zu sichern.<\/p>\t\t\t\t\t\t\t\t<\/div>\n\t\t\t\t<\/div>\n\t\t\t\t<div class=\"elementor-element elementor-element-3f9c823 elementor-widget elementor-widget-spacer\" data-id=\"3f9c823\" data-element_type=\"widget\" data-e-type=\"widget\" data-widget_type=\"spacer.default\">\n\t\t\t\t<div class=\"elementor-widget-container\">\n\t\t\t\t\t\t\t<div class=\"elementor-spacer\">\n\t\t\t<div class=\"elementor-spacer-inner\"><\/div>\n\t\t<\/div>\n\t\t\t\t\t\t<\/div>\n\t\t\t\t<\/div>\n\t\t\t\t<div class=\"elementor-element elementor-element-4ee168e elementor-widget elementor-widget-heading\" data-id=\"4ee168e\" data-element_type=\"widget\" data-e-type=\"widget\" data-widget_type=\"heading.default\">\n\t\t\t\t<div class=\"elementor-widget-container\">\n\t\t\t\t\t<h2 class=\"elementor-heading-title elementor-size-default\">Fazit: Marktbeobachtung statt Spekulation<\/h2>\t\t\t\t<\/div>\n\t\t\t\t<\/div>\n\t\t\t\t<div class=\"elementor-element elementor-element-b629817 elementor-widget elementor-widget-text-editor\" data-id=\"b629817\" data-element_type=\"widget\" data-e-type=\"widget\" data-widget_type=\"text-editor.default\">\n\t\t\t\t<div class=\"elementor-widget-container\">\n\t\t\t\t\t\t\t\t\t<p>Der Fernost-Verkehr befindet sich aktuell in einer sensiblen Phase. Erste Zuschl\u00e4ge und steigende Seefrachtraten sind sichtbar \u2013 operative Einschr\u00e4nkungen bestehen derzeit noch nicht.<\/p><p>Wir verfolgen die Entwicklung kontinuierlich und informieren transparent bei relevanten<br \/>Ver\u00e4nderungen.<\/p><p><b> Strategischer Ausblick &amp; Zusammenarbeit<br \/><\/b> Wenn ihr Forecast-Mengen, gr\u00f6\u00dfere Projekte oder zeitkritische Sendungen plant, empfehlen wir eine fr\u00fchzeitige Abstimmung.<\/p><p>Gemeinsam k\u00f6nnen wir:<\/p><ul><li>Preisentwicklungen strategisch einordnen<\/li><li>Alternativen pr\u00fcfen<\/li><li>Kapazit\u00e4ten sichern<\/li><li>Planungssicherheit schaffen<\/li><\/ul><div>\u00a0<\/div><p>\u2192 Sprecht uns fr\u00fchzeitig an \u2013 stabile Lieferketten entstehen durch vorausschauende<br \/>Planung.<\/p>\t\t\t\t\t\t\t\t<\/div>\n\t\t\t\t<\/div>\n\t\t<div class=\"elementor-element elementor-element-8eefe1f e-con-full e-flex e-con e-child\" data-id=\"8eefe1f\" data-element_type=\"container\" data-e-type=\"container\" data-settings=\"{&quot;background_background&quot;:&quot;gradient&quot;,&quot;motion_fx_motion_fx_mouse&quot;:&quot;yes&quot;}\">\n\t\t<div class=\"elementor-element elementor-element-526c4a5 e-con-full e-flex e-con e-child\" data-id=\"526c4a5\" data-element_type=\"container\" data-e-type=\"container\">\n\t\t\t\t<div class=\"elementor-element elementor-element-e70c804 elementor-widget elementor-widget-image\" data-id=\"e70c804\" data-element_type=\"widget\" data-e-type=\"widget\" data-widget_type=\"image.default\">\n\t\t\t\t<div class=\"elementor-widget-container\">\n\t\t\t\t\t\t\t\t\t\t\t\t\t\t\t<img decoding=\"async\" width=\"1569\" height=\"1046\" src=\"https:\/\/wmlogistik.de\/wp-content\/uploads\/2025\/02\/WM-Logistik-Hamburg-Team-14.jpg\" class=\"attachment-full size-full wp-image-4392\" alt=\"\" srcset=\"https:\/\/wmlogistik.de\/wp-content\/uploads\/2025\/02\/WM-Logistik-Hamburg-Team-14.jpg 1569w, https:\/\/wmlogistik.de\/wp-content\/uploads\/2025\/02\/WM-Logistik-Hamburg-Team-14-300x200.jpg 300w, https:\/\/wmlogistik.de\/wp-content\/uploads\/2025\/02\/WM-Logistik-Hamburg-Team-14-1024x683.jpg 1024w, https:\/\/wmlogistik.de\/wp-content\/uploads\/2025\/02\/WM-Logistik-Hamburg-Team-14-768x512.jpg 768w, https:\/\/wmlogistik.de\/wp-content\/uploads\/2025\/02\/WM-Logistik-Hamburg-Team-14-1536x1024.jpg 1536w, https:\/\/wmlogistik.de\/wp-content\/uploads\/2025\/02\/WM-Logistik-Hamburg-Team-14-18x12.jpg 18w\" sizes=\"(max-width: 1569px) 100vw, 1569px\" \/>\t\t\t\t\t\t\t\t\t\t\t\t\t\t\t<\/div>\n\t\t\t\t<\/div>\n\t\t\t\t<\/div>\n\t\t<div class=\"elementor-element elementor-element-d5266a9 e-con-full e-flex e-con e-child\" data-id=\"d5266a9\" data-element_type=\"container\" data-e-type=\"container\">\n\t\t\t\t<div class=\"elementor-element elementor-element-fa31e5e elementor-widget elementor-widget-text-editor\" data-id=\"fa31e5e\" data-element_type=\"widget\" data-e-type=\"widget\" data-widget_type=\"text-editor.default\">\n\t\t\t\t<div class=\"elementor-widget-container\">\n\t\t\t\t\t\t\t\t\t<b>Dein Ansprechpartner:<\/b>\t\t\t\t\t\t\t\t<\/div>\n\t\t\t\t<\/div>\n\t\t\t\t<div class=\"elementor-element elementor-element-926e7b1 elementor-widget elementor-widget-spacer\" data-id=\"926e7b1\" data-element_type=\"widget\" data-e-type=\"widget\" data-widget_type=\"spacer.default\">\n\t\t\t\t<div class=\"elementor-widget-container\">\n\t\t\t\t\t\t\t<div class=\"elementor-spacer\">\n\t\t\t<div class=\"elementor-spacer-inner\"><\/div>\n\t\t<\/div>\n\t\t\t\t\t\t<\/div>\n\t\t\t\t<\/div>\n\t\t\t\t<div class=\"elementor-element elementor-element-0450bad elementor-widget elementor-widget-heading\" data-id=\"0450bad\" data-element_type=\"widget\" data-e-type=\"widget\" data-widget_type=\"heading.default\">\n\t\t\t\t<div class=\"elementor-widget-container\">\n\t\t\t\t\t<h3 class=\"elementor-heading-title elementor-size-default\">Pascal Jacobs<\/h3>\t\t\t\t<\/div>\n\t\t\t\t<\/div>\n\t\t\t\t<div class=\"elementor-element elementor-element-d3dc3bb elementor-widget elementor-widget-heading\" data-id=\"d3dc3bb\" data-element_type=\"widget\" data-e-type=\"widget\" data-widget_type=\"heading.default\">\n\t\t\t\t<div class=\"elementor-widget-container\">\n\t\t\t\t\t<p class=\"elementor-heading-title elementor-size-default\">Head of Oceanfreight<\/p>\t\t\t\t<\/div>\n\t\t\t\t<\/div>\n\t\t\t\t<div class=\"elementor-element elementor-element-ab5f8a7 elementor-widget elementor-widget-spacer\" data-id=\"ab5f8a7\" data-element_type=\"widget\" data-e-type=\"widget\" data-widget_type=\"spacer.default\">\n\t\t\t\t<div class=\"elementor-widget-container\">\n\t\t\t\t\t\t\t<div class=\"elementor-spacer\">\n\t\t\t<div class=\"elementor-spacer-inner\"><\/div>\n\t\t<\/div>\n\t\t\t\t\t\t<\/div>\n\t\t\t\t<\/div>\n\t\t\t\t<div class=\"elementor-element elementor-element-8fc947c elementor-align-start elementor-icon-list--layout-traditional elementor-list-item-link-full_width elementor-widget elementor-widget-icon-list\" data-id=\"8fc947c\" data-element_type=\"widget\" data-e-type=\"widget\" data-widget_type=\"icon-list.default\">\n\t\t\t\t<div class=\"elementor-widget-container\">\n\t\t\t\t\t\t\t<ul class=\"elementor-icon-list-items\">\n\t\t\t\t\t\t\t<li class=\"elementor-icon-list-item\">\n\t\t\t\t\t\t\t\t\t\t\t<a href=\"mailto:team@wmlogistik.de\">\n\n\t\t\t\t\t\t\t\t\t\t\t\t<span class=\"elementor-icon-list-icon\">\n\t\t\t\t\t\t\t<svg xmlns=\"http:\/\/www.w3.org\/2000\/svg\" id=\"uuid-072d70c8-7806-4df8-9cd7-a9f9ac78d7fd\" viewBox=\"0 0 1000 775.6\"><defs><style>.uuid-06288bc9-004c-4f71-ac98-9250a116b252{fill:#82b823;}<\/style><\/defs><g id=\"uuid-6fc07c7a-341a-46ed-97b9-7c3a20b83a83\"><path class=\"uuid-06288bc9-004c-4f71-ac98-9250a116b252\" d=\"m0,644.2V130.9c0-31.5,3.9-53.2,11.3-65.5l333.2,326.3L13.3,713.1c-8.9-12.8-13.3-35.9-13.3-68.9h0Zm446.9-221.5L41.8,24.6C56.6,7.9,84.6,0,125,0h743.1c44.8,0,75.8,8.9,91.5,27.6l-402.1,395.2c-18.2,17.7-36.9,27.1-55.6,27.1s-37.9-9.3-55.1-27.1h0ZM45.3,752.5l335.1-325.8,34.5,34c28,26.6,57.1,39.9,87.1,39.9s59.5-13.3,87.1-39.9l34.9-34,333.2,324.3c-14.8,16.2-42.3,24.6-82.7,24.6H131.4c-41.8,0-70.9-7.9-86.1-23.1Zm614.2-360.7L989.2,68.4c6.9,11.8,10.8,32.5,10.8,62.5v513.3c0,31.5-3.9,53.6-12.3,66.4l-328.3-318.9Z\"><\/path><\/g><\/svg>\t\t\t\t\t\t<\/span>\n\t\t\t\t\t\t\t\t\t\t<span class=\"elementor-icon-list-text\">team@wmlogistik.de<\/span>\n\t\t\t\t\t\t\t\t\t\t\t<\/a>\n\t\t\t\t\t\t\t\t\t<\/li>\n\t\t\t\t\t\t<\/ul>\n\t\t\t\t\t\t<\/div>\n\t\t\t\t<\/div>\n\t\t\t\t<\/div>\n\t\t\t\t<\/div>\n\t\t\t\t<div class=\"elementor-element elementor-element-ece257e elementor-widget elementor-widget-spacer\" data-id=\"ece257e\" data-element_type=\"widget\" data-e-type=\"widget\" data-widget_type=\"spacer.default\">\n\t\t\t\t<div class=\"elementor-widget-container\">\n\t\t\t\t\t\t\t<div class=\"elementor-spacer\">\n\t\t\t<div class=\"elementor-spacer-inner\"><\/div>\n\t\t<\/div>\n\t\t\t\t\t\t<\/div>\n\t\t\t\t<\/div>\n\t\t\t\t<div class=\"elementor-element elementor-element-5848a79 elementor-widget elementor-widget-heading\" data-id=\"5848a79\" data-element_type=\"widget\" data-e-type=\"widget\" data-widget_type=\"heading.default\">\n\t\t\t\t<div class=\"elementor-widget-container\">\n\t\t\t\t\t<h2 class=\"elementor-heading-title elementor-size-default\">FAQ<\/h2>\t\t\t\t<\/div>\n\t\t\t\t<\/div>\n\t\t\t\t<div class=\"elementor-element elementor-element-4e5076b elementor-widget elementor-widget-n-accordion\" data-id=\"4e5076b\" data-element_type=\"widget\" data-e-type=\"widget\" data-settings=\"{&quot;default_state&quot;:&quot;expanded&quot;,&quot;max_items_expended&quot;:&quot;one&quot;,&quot;n_accordion_animation_duration&quot;:{&quot;unit&quot;:&quot;ms&quot;,&quot;size&quot;:400,&quot;sizes&quot;:[]}}\" data-widget_type=\"nested-accordion.default\">\n\t\t\t\t<div class=\"elementor-widget-container\">\n\t\t\t\t\t\t\t<div class=\"e-n-accordion\" aria-label=\"Accordion. Open links with Enter or Space, close with Escape, and navigate with Arrow Keys\">\n\t\t\t\t\t\t<details id=\"e-n-accordion-item-8210\" class=\"e-n-accordion-item\" open>\n\t\t\t\t<summary class=\"e-n-accordion-item-title\" data-accordion-index=\"1\" tabindex=\"0\" aria-expanded=\"true\" aria-controls=\"e-n-accordion-item-8210\" >\n\t\t\t\t\t<span class='e-n-accordion-item-title-header'><div class=\"e-n-accordion-item-title-text\"> Werden die Seefrachtraten weiter steigen? <\/div><\/span>\n\t\t\t\t\t\t\t<span class='e-n-accordion-item-title-icon'>\n\t\t\t<span class='e-opened' ><i aria-hidden=\"true\" class=\"fas fa-minus\"><\/i><\/span>\n\t\t\t<span class='e-closed'><i aria-hidden=\"true\" class=\"fas fa-plus\"><\/i><\/span>\n\t\t<\/span>\n\n\t\t\t\t\t\t<\/summary>\n\t\t\t\t<div role=\"region\" aria-labelledby=\"e-n-accordion-item-8210\" class=\"elementor-element elementor-element-38a70d0 e-con-full e-flex e-con e-child\" data-id=\"38a70d0\" data-element_type=\"container\" data-e-type=\"container\">\n\t\t\t\t<div class=\"elementor-element elementor-element-819b33a elementor-widget elementor-widget-text-editor\" data-id=\"819b33a\" data-element_type=\"widget\" data-e-type=\"widget\" data-widget_type=\"text-editor.default\">\n\t\t\t\t<div class=\"elementor-widget-container\">\n\t\t\t\t\t\t\t\t\tEine weitere Preisbewegung ist m\u00f6glich, da M\u00e4rkte auf geopolitische Unsicherheiten\nsensibel reagieren. Das konkrete Ausma\u00df l\u00e4sst sich aktuell jedoch noch nicht belastbar\nprognostizieren.\t\t\t\t\t\t\t\t<\/div>\n\t\t\t\t<\/div>\n\t\t\t\t<\/div>\n\t\t\t\t\t<\/details>\n\t\t\t\t\t\t<details id=\"e-n-accordion-item-8211\" class=\"e-n-accordion-item\" >\n\t\t\t\t<summary class=\"e-n-accordion-item-title\" data-accordion-index=\"2\" tabindex=\"-1\" aria-expanded=\"false\" aria-controls=\"e-n-accordion-item-8211\" >\n\t\t\t\t\t<span class='e-n-accordion-item-title-header'><div class=\"e-n-accordion-item-title-text\"> Sind die Transitzeiten aus China betroffen? <\/div><\/span>\n\t\t\t\t\t\t\t<span class='e-n-accordion-item-title-icon'>\n\t\t\t<span class='e-opened' ><i aria-hidden=\"true\" class=\"fas fa-minus\"><\/i><\/span>\n\t\t\t<span class='e-closed'><i aria-hidden=\"true\" class=\"fas fa-plus\"><\/i><\/span>\n\t\t<\/span>\n\n\t\t\t\t\t\t<\/summary>\n\t\t\t\t<div role=\"region\" aria-labelledby=\"e-n-accordion-item-8211\" class=\"elementor-element elementor-element-b77ad2d e-con-full e-flex e-con e-child\" data-id=\"b77ad2d\" data-element_type=\"container\" data-e-type=\"container\">\n\t\t\t\t<div class=\"elementor-element elementor-element-c7f831b elementor-widget elementor-widget-text-editor\" data-id=\"c7f831b\" data-element_type=\"widget\" data-e-type=\"widget\" data-widget_type=\"text-editor.default\">\n\t\t\t\t<div class=\"elementor-widget-container\">\n\t\t\t\t\t\t\t\t\tDerzeit nicht. Die Fahrpl\u00e4ne laufen stabil. Sollte es zu \u00c4nderungen kommen, informieren\nwir unsere Kunden umgehend.\t\t\t\t\t\t\t\t<\/div>\n\t\t\t\t<\/div>\n\t\t\t\t<\/div>\n\t\t\t\t\t<\/details>\n\t\t\t\t\t\t<details id=\"e-n-accordion-item-8212\" class=\"e-n-accordion-item\" >\n\t\t\t\t<summary class=\"e-n-accordion-item-title\" data-accordion-index=\"3\" tabindex=\"-1\" aria-expanded=\"false\" aria-controls=\"e-n-accordion-item-8212\" >\n\t\t\t\t\t<span class='e-n-accordion-item-title-header'><div class=\"e-n-accordion-item-title-text\"> Betrifft das nur LCL oder auch FCL? <\/div><\/span>\n\t\t\t\t\t\t\t<span class='e-n-accordion-item-title-icon'>\n\t\t\t<span class='e-opened' ><i aria-hidden=\"true\" class=\"fas fa-minus\"><\/i><\/span>\n\t\t\t<span class='e-closed'><i aria-hidden=\"true\" class=\"fas fa-plus\"><\/i><\/span>\n\t\t<\/span>\n\n\t\t\t\t\t\t<\/summary>\n\t\t\t\t<div role=\"region\" aria-labelledby=\"e-n-accordion-item-8212\" class=\"elementor-element elementor-element-5c1a952 e-con-full e-flex e-con e-child\" data-id=\"5c1a952\" data-element_type=\"container\" data-e-type=\"container\">\n\t\t\t\t<div class=\"elementor-element elementor-element-728568d elementor-widget elementor-widget-text-editor\" data-id=\"728568d\" data-element_type=\"widget\" data-e-type=\"widget\" data-widget_type=\"text-editor.default\">\n\t\t\t\t<div class=\"elementor-widget-container\">\n\t\t\t\t\t\t\t\t\tAktuell sind erste Zuschl\u00e4ge im LCL-Bereich sichtbar. Ratenbewegungen k\u00f6nnen\nperspektivisch jedoch beide Segmente betre en.\t\t\t\t\t\t\t\t<\/div>\n\t\t\t\t<\/div>\n\t\t\t\t<\/div>\n\t\t\t\t\t<\/details>\n\t\t\t\t\t\t<details id=\"e-n-accordion-item-8213\" class=\"e-n-accordion-item\" >\n\t\t\t\t<summary class=\"e-n-accordion-item-title\" data-accordion-index=\"4\" tabindex=\"-1\" aria-expanded=\"false\" aria-controls=\"e-n-accordion-item-8213\" >\n\t\t\t\t\t<span class='e-n-accordion-item-title-header'><div class=\"e-n-accordion-item-title-text\"> Sollten Sendungen vorgezogen werden? <\/div><\/span>\n\t\t\t\t\t\t\t<span class='e-n-accordion-item-title-icon'>\n\t\t\t<span class='e-opened' ><i aria-hidden=\"true\" class=\"fas fa-minus\"><\/i><\/span>\n\t\t\t<span class='e-closed'><i aria-hidden=\"true\" class=\"fas fa-plus\"><\/i><\/span>\n\t\t<\/span>\n\n\t\t\t\t\t\t<\/summary>\n\t\t\t\t<div role=\"region\" aria-labelledby=\"e-n-accordion-item-8213\" class=\"elementor-element elementor-element-62f0734 e-con-full e-flex e-con e-child\" data-id=\"62f0734\" data-element_type=\"container\" data-e-type=\"container\">\n\t\t\t\t<div class=\"elementor-element elementor-element-e1fa0bf elementor-widget elementor-widget-text-editor\" data-id=\"e1fa0bf\" data-element_type=\"widget\" data-e-type=\"widget\" data-widget_type=\"text-editor.default\">\n\t\t\t\t<div class=\"elementor-widget-container\">\n\t\t\t\t\t\t\t\t\tDas h\u00e4ngt von Branche, Warenwert und Zeitkritikalit\u00e4t ab. Eine individuelle Abstimmung\nist empfehlenswert.\t\t\t\t\t\t\t\t<\/div>\n\t\t\t\t<\/div>\n\t\t\t\t<\/div>\n\t\t\t\t\t<\/details>\n\t\t\t\t\t\t<details id=\"e-n-accordion-item-8214\" class=\"e-n-accordion-item\" >\n\t\t\t\t<summary class=\"e-n-accordion-item-title\" data-accordion-index=\"5\" tabindex=\"-1\" aria-expanded=\"false\" aria-controls=\"e-n-accordion-item-8214\" >\n\t\t\t\t\t<span class='e-n-accordion-item-title-header'><div class=\"e-n-accordion-item-title-text\"> Gibt es Alternativen zur Seefracht? <\/div><\/span>\n\t\t\t\t\t\t\t<span class='e-n-accordion-item-title-icon'>\n\t\t\t<span class='e-opened' ><i aria-hidden=\"true\" class=\"fas fa-minus\"><\/i><\/span>\n\t\t\t<span class='e-closed'><i aria-hidden=\"true\" class=\"fas fa-plus\"><\/i><\/span>\n\t\t<\/span>\n\n\t\t\t\t\t\t<\/summary>\n\t\t\t\t<div role=\"region\" aria-labelledby=\"e-n-accordion-item-8214\" class=\"elementor-element elementor-element-e47c3a4 e-flex e-con-boxed e-con e-child\" data-id=\"e47c3a4\" data-element_type=\"container\" data-e-type=\"container\">\n\t\t\t\t\t<div class=\"e-con-inner\">\n\t\t\t\t<div class=\"elementor-element elementor-element-b1ea959 elementor-widget elementor-widget-text-editor\" data-id=\"b1ea959\" data-element_type=\"widget\" data-e-type=\"widget\" data-widget_type=\"text-editor.default\">\n\t\t\t\t<div class=\"elementor-widget-container\">\n\t\t\t\t\t\t\t\t\tJe nach Dringlichkeit k\u00f6nnen Bahn- oder Luftfrachtl\u00f6sungen gepr\u00fcft werden. Diese\nOptionen sind jedoch kostenintensiver und sollten strategisch bewertet werden.\t\t\t\t\t\t\t\t<\/div>\n\t\t\t\t<\/div>\n\t\t\t\t\t<\/div>\n\t\t\t\t<\/div>\n\t\t\t\t\t<\/details>\n\t\t\t\t\t<\/div>\n\t\t\t\t\t<script type=\"application\/ld+json\">{\"@context\":\"https:\\\/\\\/schema.org\",\"@type\":\"FAQPage\",\"mainEntity\":[{\"@type\":\"Question\",\"name\":\"Werden die Seefrachtraten weiter steigen?\",\"acceptedAnswer\":{\"@type\":\"Answer\",\"text\":\"Eine weitere Preisbewegung ist m\\u00f6glich, da M\\u00e4rkte auf geopolitische Unsicherheiten\\nsensibel reagieren. Das konkrete Ausma\\u00df l\\u00e4sst sich aktuell jedoch noch nicht belastbar\\nprognostizieren.\"}},{\"@type\":\"Question\",\"name\":\"Sind die Transitzeiten aus China betroffen?\",\"acceptedAnswer\":{\"@type\":\"Answer\",\"text\":\"Derzeit nicht. Die Fahrpl\\u00e4ne laufen stabil. Sollte es zu \\u00c4nderungen kommen, informieren\\nwir unsere Kunden umgehend.\"}},{\"@type\":\"Question\",\"name\":\"Betrifft das nur LCL oder auch FCL?\",\"acceptedAnswer\":{\"@type\":\"Answer\",\"text\":\"Aktuell sind erste Zuschl\\u00e4ge im LCL-Bereich sichtbar. Ratenbewegungen k\\u00f6nnen\\nperspektivisch jedoch beide Segmente betre en.\"}},{\"@type\":\"Question\",\"name\":\"Sollten Sendungen vorgezogen werden?\",\"acceptedAnswer\":{\"@type\":\"Answer\",\"text\":\"Das h\\u00e4ngt von Branche, Warenwert und Zeitkritikalit\\u00e4t ab. Eine individuelle Abstimmung\\nist empfehlenswert.\"}},{\"@type\":\"Question\",\"name\":\"Gibt es Alternativen zur Seefracht?\",\"acceptedAnswer\":{\"@type\":\"Answer\",\"text\":\"Je nach Dringlichkeit k\\u00f6nnen Bahn- oder Luftfrachtl\\u00f6sungen gepr\\u00fcft werden. Diese\\nOptionen sind jedoch kostenintensiver und sollten strategisch bewertet werden.\"}}]}<\/script>\n\t\t\t\t\t\t\t<\/div>\n\t\t\t\t<\/div>\n\t\t\t\t<\/div>\n\t\t\t\t<\/div>\n\t\t\t\t<\/div>\n\t\t","protected":false},"excerpt":{"rendered":"<p>Die geopolitischen Spannungen im Fernost-Raum f\u00fchren zu ersten Preisbewegungen im Seefrachtverkehr zwischen China und Europa. W\u00e4hrend Transitzeiten aktuell stabil bleiben, zeigen sich bereits steigende Seefrachtraten und erste Zuschl\u00e4ge im LCL-Bereich. Eine fr\u00fchzeitige Planung wird jetzt entscheidend, um Kostenrisiken und Kapazit\u00e4tsengp\u00e4sse zu vermeiden.<\/p>","protected":false},"author":1,"featured_media":5351,"comment_status":"open","ping_status":"open","sticky":false,"template":"","format":"standard","meta":{"iawp_total_views":76,"footnotes":""},"categories":[23,1],"tags":[],"class_list":["post-5350","post","type-post","status-publish","format-standard","has-post-thumbnail","hentry","category-logistik-transport","category-news-trends"],"yoast_head":"<!-- This site is optimized with the Yoast SEO plugin v27.3 - https:\/\/yoast.com\/product\/yoast-seo-wordpress\/ -->\n<title>Marktupdate Fernost: Steigende Seefrachtraten &amp; LCL-Zuschl\u00e4ge<\/title>\n<meta name=\"description\" content=\"Erste LCL-Zuschl\u00e4ge und steigende Seefrachtraten im Fernost-Verkehr. Aktuelle Lage China\u2013Europa, Auswirkungen auf Transitzeiten &amp; Handlungsempfehlungen.\" \/>\n<meta name=\"robots\" content=\"index, follow, max-snippet:-1, max-image-preview:large, max-video-preview:-1\" \/>\n<link rel=\"canonical\" href=\"https:\/\/wmlogistik.de\/en\/news-trends\/marktupdate-fernost-seefracht-raten-lcl\/\" \/>\n<meta property=\"og:locale\" content=\"en_US\" \/>\n<meta property=\"og:type\" content=\"article\" \/>\n<meta property=\"og:title\" content=\"Marktupdate Fernost: Steigende Seefrachtraten &amp; LCL-Zuschl\u00e4ge\" \/>\n<meta property=\"og:description\" content=\"Erste LCL-Zuschl\u00e4ge und steigende Seefrachtraten im Fernost-Verkehr. Aktuelle Lage China\u2013Europa, Auswirkungen auf Transitzeiten &amp; Handlungsempfehlungen.\" \/>\n<meta property=\"og:url\" content=\"https:\/\/wmlogistik.de\/en\/news-trends\/marktupdate-fernost-seefracht-raten-lcl\/\" \/>\n<meta property=\"og:site_name\" content=\"WM-Logistik\" \/>\n<meta property=\"article:published_time\" content=\"2026-03-03T14:26:32+00:00\" \/>\n<meta property=\"article:modified_time\" content=\"2026-03-03T14:54:40+00:00\" \/>\n<meta property=\"og:image\" content=\"https:\/\/wmlogistik.de\/wp-content\/uploads\/2026\/03\/Seefracht-China\u2013Europa-Containerumschlag-im-Hafen.webp\" \/>\n\t<meta property=\"og:image:width\" content=\"1920\" \/>\n\t<meta property=\"og:image:height\" content=\"1281\" \/>\n\t<meta property=\"og:image:type\" content=\"image\/webp\" \/>\n<meta name=\"author\" content=\"wm\" \/>\n<meta name=\"twitter:card\" content=\"summary_large_image\" \/>\n<meta name=\"twitter:label1\" content=\"Written by\" \/>\n\t<meta name=\"twitter:data1\" content=\"wm\" \/>\n\t<meta name=\"twitter:label2\" content=\"Est. reading time\" \/>\n\t<meta name=\"twitter:data2\" content=\"4 minutes\" \/>\n<script type=\"application\/ld+json\" class=\"yoast-schema-graph\">{\"@context\":\"https:\\\/\\\/schema.org\",\"@graph\":[{\"@type\":\"Article\",\"@id\":\"https:\\\/\\\/wmlogistik.de\\\/news-trends\\\/marktupdate-fernost-seefracht-raten-lcl\\\/#article\",\"isPartOf\":{\"@id\":\"https:\\\/\\\/wmlogistik.de\\\/news-trends\\\/marktupdate-fernost-seefracht-raten-lcl\\\/\"},\"author\":{\"name\":\"wm\",\"@id\":\"https:\\\/\\\/wmlogistik.de\\\/#\\\/schema\\\/person\\\/ae15df53f1ce3f289bde221a05765015\"},\"headline\":\"Marktupdate Fernost-Verkehr: Steigende Seefrachtraten und erste LCL-Zuschl\u00e4ge\",\"datePublished\":\"2026-03-03T14:26:32+00:00\",\"dateModified\":\"2026-03-03T14:54:40+00:00\",\"mainEntityOfPage\":{\"@id\":\"https:\\\/\\\/wmlogistik.de\\\/news-trends\\\/marktupdate-fernost-seefracht-raten-lcl\\\/\"},\"wordCount\":623,\"commentCount\":0,\"publisher\":{\"@id\":\"https:\\\/\\\/wmlogistik.de\\\/#organization\"},\"image\":{\"@id\":\"https:\\\/\\\/wmlogistik.de\\\/news-trends\\\/marktupdate-fernost-seefracht-raten-lcl\\\/#primaryimage\"},\"thumbnailUrl\":\"https:\\\/\\\/wmlogistik.de\\\/wp-content\\\/uploads\\\/2026\\\/03\\\/Seefracht-China\u2013Europa-Containerumschlag-im-Hafen.webp\",\"articleSection\":[\"Logistik &amp; Transport\",\"News &amp; Trends\"],\"inLanguage\":\"en-US\",\"potentialAction\":[{\"@type\":\"CommentAction\",\"name\":\"Comment\",\"target\":[\"https:\\\/\\\/wmlogistik.de\\\/news-trends\\\/marktupdate-fernost-seefracht-raten-lcl\\\/#respond\"]}]},{\"@type\":\"WebPage\",\"@id\":\"https:\\\/\\\/wmlogistik.de\\\/news-trends\\\/marktupdate-fernost-seefracht-raten-lcl\\\/\",\"url\":\"https:\\\/\\\/wmlogistik.de\\\/news-trends\\\/marktupdate-fernost-seefracht-raten-lcl\\\/\",\"name\":\"Marktupdate Fernost: Steigende Seefrachtraten & LCL-Zuschl\u00e4ge\",\"isPartOf\":{\"@id\":\"https:\\\/\\\/wmlogistik.de\\\/#website\"},\"primaryImageOfPage\":{\"@id\":\"https:\\\/\\\/wmlogistik.de\\\/news-trends\\\/marktupdate-fernost-seefracht-raten-lcl\\\/#primaryimage\"},\"image\":{\"@id\":\"https:\\\/\\\/wmlogistik.de\\\/news-trends\\\/marktupdate-fernost-seefracht-raten-lcl\\\/#primaryimage\"},\"thumbnailUrl\":\"https:\\\/\\\/wmlogistik.de\\\/wp-content\\\/uploads\\\/2026\\\/03\\\/Seefracht-China\u2013Europa-Containerumschlag-im-Hafen.webp\",\"datePublished\":\"2026-03-03T14:26:32+00:00\",\"dateModified\":\"2026-03-03T14:54:40+00:00\",\"description\":\"Erste LCL-Zuschl\u00e4ge und steigende Seefrachtraten im Fernost-Verkehr. Aktuelle Lage China\u2013Europa, Auswirkungen auf Transitzeiten & Handlungsempfehlungen.\",\"breadcrumb\":{\"@id\":\"https:\\\/\\\/wmlogistik.de\\\/news-trends\\\/marktupdate-fernost-seefracht-raten-lcl\\\/#breadcrumb\"},\"inLanguage\":\"en-US\",\"potentialAction\":[{\"@type\":\"ReadAction\",\"target\":[\"https:\\\/\\\/wmlogistik.de\\\/news-trends\\\/marktupdate-fernost-seefracht-raten-lcl\\\/\"]}]},{\"@type\":\"ImageObject\",\"inLanguage\":\"en-US\",\"@id\":\"https:\\\/\\\/wmlogistik.de\\\/news-trends\\\/marktupdate-fernost-seefracht-raten-lcl\\\/#primaryimage\",\"url\":\"https:\\\/\\\/wmlogistik.de\\\/wp-content\\\/uploads\\\/2026\\\/03\\\/Seefracht-China\u2013Europa-Containerumschlag-im-Hafen.webp\",\"contentUrl\":\"https:\\\/\\\/wmlogistik.de\\\/wp-content\\\/uploads\\\/2026\\\/03\\\/Seefracht-China\u2013Europa-Containerumschlag-im-Hafen.webp\",\"width\":1920,\"height\":1281,\"caption\":\"Containerschiff mit LCL- und FCL-Containern im internationalen Fernost-Verkehr\"},{\"@type\":\"BreadcrumbList\",\"@id\":\"https:\\\/\\\/wmlogistik.de\\\/news-trends\\\/marktupdate-fernost-seefracht-raten-lcl\\\/#breadcrumb\",\"itemListElement\":[{\"@type\":\"ListItem\",\"position\":1,\"name\":\"Startseite\",\"item\":\"https:\\\/\\\/wmlogistik.de\\\/\"},{\"@type\":\"ListItem\",\"position\":2,\"name\":\"Marktupdate Fernost-Verkehr: Steigende Seefrachtraten und erste LCL-Zuschl\u00e4ge\"}]},{\"@type\":\"WebSite\",\"@id\":\"https:\\\/\\\/wmlogistik.de\\\/#website\",\"url\":\"https:\\\/\\\/wmlogistik.de\\\/\",\"name\":\"WM-Logistik\",\"description\":\"Ihr Probleml\u00f6ser rund um alle komplexen Logistikbereiche\",\"publisher\":{\"@id\":\"https:\\\/\\\/wmlogistik.de\\\/#organization\"},\"potentialAction\":[{\"@type\":\"SearchAction\",\"target\":{\"@type\":\"EntryPoint\",\"urlTemplate\":\"https:\\\/\\\/wmlogistik.de\\\/?s={search_term_string}\"},\"query-input\":{\"@type\":\"PropertyValueSpecification\",\"valueRequired\":true,\"valueName\":\"search_term_string\"}}],\"inLanguage\":\"en-US\"},{\"@type\":\"Organization\",\"@id\":\"https:\\\/\\\/wmlogistik.de\\\/#organization\",\"name\":\"WM-Logistik\",\"url\":\"https:\\\/\\\/wmlogistik.de\\\/\",\"logo\":{\"@type\":\"ImageObject\",\"inLanguage\":\"en-US\",\"@id\":\"https:\\\/\\\/wmlogistik.de\\\/#\\\/schema\\\/logo\\\/image\\\/\",\"url\":\"http:\\\/\\\/localhost:8888\\\/wm\\\/wp-content\\\/uploads\\\/2023\\\/04\\\/Favicon-WM-Logistik.png\",\"contentUrl\":\"http:\\\/\\\/localhost:8888\\\/wm\\\/wp-content\\\/uploads\\\/2023\\\/04\\\/Favicon-WM-Logistik.png\",\"width\":513,\"height\":512,\"caption\":\"WM-Logistik\"},\"image\":{\"@id\":\"https:\\\/\\\/wmlogistik.de\\\/#\\\/schema\\\/logo\\\/image\\\/\"}},{\"@type\":\"Person\",\"@id\":\"https:\\\/\\\/wmlogistik.de\\\/#\\\/schema\\\/person\\\/ae15df53f1ce3f289bde221a05765015\",\"name\":\"wm\",\"image\":{\"@type\":\"ImageObject\",\"inLanguage\":\"en-US\",\"@id\":\"https:\\\/\\\/secure.gravatar.com\\\/avatar\\\/c79f053b39f4a76995b838171d760c2fa23c1ba4d8e3535a7069ced3e84218be?s=96&d=mm&r=g\",\"url\":\"https:\\\/\\\/secure.gravatar.com\\\/avatar\\\/c79f053b39f4a76995b838171d760c2fa23c1ba4d8e3535a7069ced3e84218be?s=96&d=mm&r=g\",\"contentUrl\":\"https:\\\/\\\/secure.gravatar.com\\\/avatar\\\/c79f053b39f4a76995b838171d760c2fa23c1ba4d8e3535a7069ced3e84218be?s=96&d=mm&r=g\",\"caption\":\"wm\"},\"url\":\"https:\\\/\\\/wmlogistik.de\\\/en\\\/author\\\/wm\\\/\"}]}<\/script>\n<!-- \/ Yoast SEO plugin. -->","yoast_head_json":{"title":"Marktupdate Fernost: Steigende Seefrachtraten & LCL-Zuschl\u00e4ge","description":"Erste LCL-Zuschl\u00e4ge und steigende Seefrachtraten im Fernost-Verkehr. Aktuelle Lage China\u2013Europa, Auswirkungen auf Transitzeiten & Handlungsempfehlungen.","robots":{"index":"index","follow":"follow","max-snippet":"max-snippet:-1","max-image-preview":"max-image-preview:large","max-video-preview":"max-video-preview:-1"},"canonical":"https:\/\/wmlogistik.de\/en\/news-trends\/marktupdate-fernost-seefracht-raten-lcl\/","og_locale":"en_US","og_type":"article","og_title":"Marktupdate Fernost: Steigende Seefrachtraten & LCL-Zuschl\u00e4ge","og_description":"Erste LCL-Zuschl\u00e4ge und steigende Seefrachtraten im Fernost-Verkehr. Aktuelle Lage China\u2013Europa, Auswirkungen auf Transitzeiten & Handlungsempfehlungen.","og_url":"https:\/\/wmlogistik.de\/en\/news-trends\/marktupdate-fernost-seefracht-raten-lcl\/","og_site_name":"WM-Logistik","article_published_time":"2026-03-03T14:26:32+00:00","article_modified_time":"2026-03-03T14:54:40+00:00","og_image":[{"width":1920,"height":1281,"url":"https:\/\/wmlogistik.de\/wp-content\/uploads\/2026\/03\/Seefracht-China\u2013Europa-Containerumschlag-im-Hafen.webp","type":"image\/webp"}],"author":"wm","twitter_card":"summary_large_image","twitter_misc":{"Written by":"wm","Est. reading time":"4 minutes"},"schema":{"@context":"https:\/\/schema.org","@graph":[{"@type":"Article","@id":"https:\/\/wmlogistik.de\/news-trends\/marktupdate-fernost-seefracht-raten-lcl\/#article","isPartOf":{"@id":"https:\/\/wmlogistik.de\/news-trends\/marktupdate-fernost-seefracht-raten-lcl\/"},"author":{"name":"wm","@id":"https:\/\/wmlogistik.de\/#\/schema\/person\/ae15df53f1ce3f289bde221a05765015"},"headline":"Marktupdate Fernost-Verkehr: Steigende Seefrachtraten und erste LCL-Zuschl\u00e4ge","datePublished":"2026-03-03T14:26:32+00:00","dateModified":"2026-03-03T14:54:40+00:00","mainEntityOfPage":{"@id":"https:\/\/wmlogistik.de\/news-trends\/marktupdate-fernost-seefracht-raten-lcl\/"},"wordCount":623,"commentCount":0,"publisher":{"@id":"https:\/\/wmlogistik.de\/#organization"},"image":{"@id":"https:\/\/wmlogistik.de\/news-trends\/marktupdate-fernost-seefracht-raten-lcl\/#primaryimage"},"thumbnailUrl":"https:\/\/wmlogistik.de\/wp-content\/uploads\/2026\/03\/Seefracht-China\u2013Europa-Containerumschlag-im-Hafen.webp","articleSection":["Logistik &amp; Transport","News &amp; Trends"],"inLanguage":"en-US","potentialAction":[{"@type":"CommentAction","name":"Comment","target":["https:\/\/wmlogistik.de\/news-trends\/marktupdate-fernost-seefracht-raten-lcl\/#respond"]}]},{"@type":"WebPage","@id":"https:\/\/wmlogistik.de\/news-trends\/marktupdate-fernost-seefracht-raten-lcl\/","url":"https:\/\/wmlogistik.de\/news-trends\/marktupdate-fernost-seefracht-raten-lcl\/","name":"Marktupdate Fernost: Steigende Seefrachtraten & LCL-Zuschl\u00e4ge","isPartOf":{"@id":"https:\/\/wmlogistik.de\/#website"},"primaryImageOfPage":{"@id":"https:\/\/wmlogistik.de\/news-trends\/marktupdate-fernost-seefracht-raten-lcl\/#primaryimage"},"image":{"@id":"https:\/\/wmlogistik.de\/news-trends\/marktupdate-fernost-seefracht-raten-lcl\/#primaryimage"},"thumbnailUrl":"https:\/\/wmlogistik.de\/wp-content\/uploads\/2026\/03\/Seefracht-China\u2013Europa-Containerumschlag-im-Hafen.webp","datePublished":"2026-03-03T14:26:32+00:00","dateModified":"2026-03-03T14:54:40+00:00","description":"Erste LCL-Zuschl\u00e4ge und steigende Seefrachtraten im Fernost-Verkehr. Aktuelle Lage China\u2013Europa, Auswirkungen auf Transitzeiten & Handlungsempfehlungen.","breadcrumb":{"@id":"https:\/\/wmlogistik.de\/news-trends\/marktupdate-fernost-seefracht-raten-lcl\/#breadcrumb"},"inLanguage":"en-US","potentialAction":[{"@type":"ReadAction","target":["https:\/\/wmlogistik.de\/news-trends\/marktupdate-fernost-seefracht-raten-lcl\/"]}]},{"@type":"ImageObject","inLanguage":"en-US","@id":"https:\/\/wmlogistik.de\/news-trends\/marktupdate-fernost-seefracht-raten-lcl\/#primaryimage","url":"https:\/\/wmlogistik.de\/wp-content\/uploads\/2026\/03\/Seefracht-China\u2013Europa-Containerumschlag-im-Hafen.webp","contentUrl":"https:\/\/wmlogistik.de\/wp-content\/uploads\/2026\/03\/Seefracht-China\u2013Europa-Containerumschlag-im-Hafen.webp","width":1920,"height":1281,"caption":"Containerschiff mit LCL- und FCL-Containern im internationalen Fernost-Verkehr"},{"@type":"BreadcrumbList","@id":"https:\/\/wmlogistik.de\/news-trends\/marktupdate-fernost-seefracht-raten-lcl\/#breadcrumb","itemListElement":[{"@type":"ListItem","position":1,"name":"Startseite","item":"https:\/\/wmlogistik.de\/"},{"@type":"ListItem","position":2,"name":"Marktupdate Fernost-Verkehr: Steigende Seefrachtraten und erste LCL-Zuschl\u00e4ge"}]},{"@type":"WebSite","@id":"https:\/\/wmlogistik.de\/#website","url":"https:\/\/wmlogistik.de\/","name":"WM-Logistik","description":"Ihr Probleml\u00f6ser rund um alle komplexen Logistikbereiche","publisher":{"@id":"https:\/\/wmlogistik.de\/#organization"},"potentialAction":[{"@type":"SearchAction","target":{"@type":"EntryPoint","urlTemplate":"https:\/\/wmlogistik.de\/?s={search_term_string}"},"query-input":{"@type":"PropertyValueSpecification","valueRequired":true,"valueName":"search_term_string"}}],"inLanguage":"en-US"},{"@type":"Organization","@id":"https:\/\/wmlogistik.de\/#organization","name":"WM-Logistik","url":"https:\/\/wmlogistik.de\/","logo":{"@type":"ImageObject","inLanguage":"en-US","@id":"https:\/\/wmlogistik.de\/#\/schema\/logo\/image\/","url":"http:\/\/localhost:8888\/wm\/wp-content\/uploads\/2023\/04\/Favicon-WM-Logistik.png","contentUrl":"http:\/\/localhost:8888\/wm\/wp-content\/uploads\/2023\/04\/Favicon-WM-Logistik.png","width":513,"height":512,"caption":"WM-Logistik"},"image":{"@id":"https:\/\/wmlogistik.de\/#\/schema\/logo\/image\/"}},{"@type":"Person","@id":"https:\/\/wmlogistik.de\/#\/schema\/person\/ae15df53f1ce3f289bde221a05765015","name":"wm","image":{"@type":"ImageObject","inLanguage":"en-US","@id":"https:\/\/secure.gravatar.com\/avatar\/c79f053b39f4a76995b838171d760c2fa23c1ba4d8e3535a7069ced3e84218be?s=96&d=mm&r=g","url":"https:\/\/secure.gravatar.com\/avatar\/c79f053b39f4a76995b838171d760c2fa23c1ba4d8e3535a7069ced3e84218be?s=96&d=mm&r=g","contentUrl":"https:\/\/secure.gravatar.com\/avatar\/c79f053b39f4a76995b838171d760c2fa23c1ba4d8e3535a7069ced3e84218be?s=96&d=mm&r=g","caption":"wm"},"url":"https:\/\/wmlogistik.de\/en\/author\/wm\/"}]}},"_links":{"self":[{"href":"https:\/\/wmlogistik.de\/en\/wp-json\/wp\/v2\/posts\/5350","targetHints":{"allow":["GET"]}}],"collection":[{"href":"https:\/\/wmlogistik.de\/en\/wp-json\/wp\/v2\/posts"}],"about":[{"href":"https:\/\/wmlogistik.de\/en\/wp-json\/wp\/v2\/types\/post"}],"author":[{"embeddable":true,"href":"https:\/\/wmlogistik.de\/en\/wp-json\/wp\/v2\/users\/1"}],"replies":[{"embeddable":true,"href":"https:\/\/wmlogistik.de\/en\/wp-json\/wp\/v2\/comments?post=5350"}],"version-history":[{"count":7,"href":"https:\/\/wmlogistik.de\/en\/wp-json\/wp\/v2\/posts\/5350\/revisions"}],"predecessor-version":[{"id":5358,"href":"https:\/\/wmlogistik.de\/en\/wp-json\/wp\/v2\/posts\/5350\/revisions\/5358"}],"wp:featuredmedia":[{"embeddable":true,"href":"https:\/\/wmlogistik.de\/en\/wp-json\/wp\/v2\/media\/5351"}],"wp:attachment":[{"href":"https:\/\/wmlogistik.de\/en\/wp-json\/wp\/v2\/media?parent=5350"}],"wp:term":[{"taxonomy":"category","embeddable":true,"href":"https:\/\/wmlogistik.de\/en\/wp-json\/wp\/v2\/categories?post=5350"},{"taxonomy":"post_tag","embeddable":true,"href":"https:\/\/wmlogistik.de\/en\/wp-json\/wp\/v2\/tags?post=5350"}],"curies":[{"name":"wp","href":"https:\/\/api.w.org\/{rel}","templated":true}]}}